{"id":9001,"date":"2025-08-19T11:51:29","date_gmt":"2025-08-19T14:51:29","guid":{"rendered":"https:\/\/hanin.org.ar\/?p=9001"},"modified":"2025-08-19T11:51:31","modified_gmt":"2025-08-19T14:51:31","slug":"noticias-politicas-elecciones-de-octubre","status":"publish","type":"post","link":"https:\/\/hanin.org.ar\/?p=9001","title":{"rendered":"[Noticias pol\u00edticas]  Elecciones de octubre"},"content":{"rendered":"\n<figure class=\"wp-block-image size-full\"><img fetchpriority=\"high\" decoding=\"async\" width=\"280\" height=\"183\" src=\"https:\/\/hanin.org.ar\/wp-content\/uploads\/2025\/08\/OIP-3.webp\" alt=\"\" class=\"wp-image-8999\" \/><\/figure>\n\n\n\n<p>Estimados,<\/p>\n\n\n\n<p>El 17 de agosto cerr\u00f3 el plazo de presentaci\u00f3n de listas para las elecciones legislativas nacionales del 26 de octubre. Se renovar\u00e1n 127 diputados (la mitad de la C\u00e1mara) y 24 senadores (un tercio).<br>Objetivos de cada espacio<\/p>\n\n\n\n<p>Oficialismo (La Libertad Avanza &#8211; LLA): busca reforzar su poder en el Congreso, alcanzar un bloque de al menos 85 diputados y garantizar el \u201cd\u00e9ficit cero\u201d. Milei anticip\u00f3 que vetar\u00e1 cualquier ley que comprometa el super\u00e1vit fiscal.<\/p>\n\n\n\n<p>Fuerza Patria (peronismo): prioriz\u00f3 la unidad interna para seguir siendo la principal oposici\u00f3n. Cristina Kirchner lider\u00f3 el armado, sumando a Grabois en Buenos Aires.<\/p>\n\n\n\n<p>Provincias Unidas (gobernadores dialoguistas): quieren consolidarse como tercera v\u00eda de centro.<\/p>\n\n\n\n<p>PRO: perdi\u00f3 protagonismo, relegado frente a la centralidad de Karina Milei en LLA.<\/p>\n\n\n\n<p>Novedad clave<\/p>\n\n\n\n<p>Por primera vez, las elecciones nacionales se har\u00e1n con boleta \u00fanica de papel, buscando transparencia y menor costo.<\/p>\n\n\n\n<p>Polarizaci\u00f3n<\/p>\n\n\n\n<p>La contienda central ser\u00e1 entre LLA (Milei) y Fuerza Patria (peronismo), con los gobernadores como \u00e1rbitros.<\/p>\n\n\n\n<p>Bancas en juego<\/p>\n\n\n\n<p>Diputados:<\/p>\n\n\n\n<p>Fuerza Patria: renueva 46 de 98.<\/p>\n\n\n\n<p>PRO: renueva 21 de 35.<\/p>\n\n\n\n<p>LLA: solo 8 de 39 (ventaja estrat\u00e9gica).<\/p>\n\n\n\n<p>Senadores:<\/p>\n\n\n\n<p>Fuerza Patria renueva 15 de 30.<\/p>\n\n\n\n<p>LLA no arriesga ninguna de sus 6 bancas.<\/p>\n\n\n\n<p>Ciudad Aut\u00f3noma de Buenos Aires<br>Cargos que se eligen: 3 Senadores Nacionales<br>Alianza La Libertad Avanza 1. Patricia Bullrich. Ministra de Seguridad de la Naci\u00f3n. 2. Agust\u00edn Monteverde. Economista, primera incursi\u00f3n en la pol\u00edtica. Ser\u00eda el vocero econ\u00f3mico del bloque. 3. Pilar Ram\u00edrez. Armadora de LLA en CABA, cercana a Karina Milei.<br>Fuerza Patria 1. Mariano Recalde. Senador Nacional, fundador de La C\u00e1mpora y exgerente de Aerol\u00edneas Argentinas. 2. Ana Arias. Decana de la Facultad de Ciencias Sociales (UBA).<br>Ciudadanos Unidos 1. Graciela Oca\u00f1a. Legisladora por CABA. 2. Mart\u00edn Ocampo. Procurador general de CABA, cercano a Daniel Angelici.<br>Provincia de Buenos Aires<br>Cargos que se eligen: 35 Diputados Nacionales<br>Alianza La Libertad Avanza 1. Jose Luis Espert. Economista. Actual diputado nacional e hist\u00f3rico amigo del presidente Milei. 2. Karen Reichardt. Actriz, conductora de TV. 3. Diego Santilli. Actual diputado nacional (PRO), impulsor del acuerdo con LLA.<br>Fuerza Patria 1. Jorge Taiana. Ex canciller durante las presidencias de N\u00e9stor y Cristina Kirchner (2005-2010) 2. Jimena L\u00f3pez. Dirigente del Frente Renovador de Sergio Massa. 3. Juan Grabois. Dirigente social cercano a CFK. L\u00edder de Patria Grande y del Movimiento de Trabajadores Excluidos.<br>Provincias Unidas 1. Florencio Randazzo. Exministro del Interior y Transporte de Cristina Kirchner, rompi\u00f3 con el kirchnerismo en 2015. 2. Margarita Stolbizer. Referente del partido GEN. 3. Emilio Monz\u00f3. Expresidente de la C\u00e1mara de Diputados durante la gesti\u00f3n de Macri. Peronista dialoguista.<br>Ciudad Aut\u00f3noma de Buenos Aires<br>Cargos que se eligen: 13 Diputados Nacionales<br>Alianza La Libertad Avanza 1. Alejandro Fargosi. Abogado, ex PRO. Cercano a Bullrich. 2. Patricia Holzman. Directora de la Fundaci\u00f3n Judaica, ex PRO. 3. Nicol\u00e1s Emma. Actual diputado nacional, asumi\u00f3 la banca en lugar del presidente Milei en 2023<br>Fuerza Patria 1. Itai Hagman. Actual diputado y dirigente del Frente Patria Grande de Juan Grabois. 2. Kelly Olmos. Ex ministra de trabajo de Alberto Fern\u00e1ndez. 3. Santiago Roberto. Ex legislador y cercano al sindicalista V\u00edctor Santa Mar\u00eda.<br>Ciudadanos Unidos 1. Mart\u00edn Lousteau. Actual senador nacional, presidente de la UCR. 2. Piera Fern\u00e1ndez. Dirigente estudiantil, ex presidenta de la Federaci\u00f3n Universitaria Argentina. 3. Gustavo Marangoni. Ex presidente del Banco Provincia durante la gobernaci\u00f3n de Daniel Scioli.<\/p>\n","protected":false},"excerpt":{"rendered":"<p>Estimados, El 17 de agosto cerr\u00f3 el plazo de presentaci\u00f3n de listas para las elecciones legislativas nacionales del 26 de octubre. Se renovar\u00e1n 127 diputados (la mitad de la C\u00e1mara) y 24 senadores (un tercio).Objetivos de cada espacio Oficialismo (La Libertad Avanza &#8211; LLA): busca reforzar su poder en el Congreso, alcanzar un bloque de al menos 85 diputados y garantizar el \u201cd\u00e9ficit cero\u201d. Milei anticip\u00f3 que vetar\u00e1 cualquier ley que comprometa el super\u00e1vit fiscal. Fuerza Patria (peronismo): prioriz\u00f3 la unidad interna para seguir siendo la principal oposici\u00f3n. Cristina Kirchner lider\u00f3 el armado, sumando a Grabois en Buenos Aires. Provincias Unidas (gobernadores dialoguistas): quieren consolidarse como tercera v\u00eda de centro. PRO: perdi\u00f3 protagonismo, relegado frente a la centralidad de Karina Milei en LLA. Novedad clave Por primera vez, las elecciones nacionales se har\u00e1n con boleta \u00fanica de papel, buscando transparencia y menor costo. Polarizaci\u00f3n La contienda central ser\u00e1 entre LLA (Milei) y Fuerza Patria (peronismo), con los gobernadores como \u00e1rbitros. Bancas en juego Diputados: Fuerza Patria: renueva 46 de 98. PRO: renueva 21 de 35. LLA: solo 8 de 39 (ventaja estrat\u00e9gica). Senadores: Fuerza Patria renueva 15 de 30. LLA no arriesga ninguna de sus 6 bancas. Ciudad Aut\u00f3noma de Buenos AiresCargos que se eligen: 3 Senadores NacionalesAlianza La Libertad Avanza 1. Patricia Bullrich. Ministra de Seguridad de la Naci\u00f3n. 2. Agust\u00edn Monteverde. Economista, primera incursi\u00f3n en la pol\u00edtica. Ser\u00eda el vocero econ\u00f3mico del bloque. 3. Pilar Ram\u00edrez. Armadora de LLA en CABA, cercana a Karina Milei.Fuerza Patria 1. Mariano Recalde. Senador Nacional, fundador de La C\u00e1mpora y exgerente de Aerol\u00edneas Argentinas. 2. Ana Arias. Decana de la Facultad de Ciencias Sociales (UBA).Ciudadanos Unidos 1. Graciela Oca\u00f1a. Legisladora por CABA. 2. Mart\u00edn Ocampo. Procurador general de CABA, cercano a Daniel Angelici.Provincia de Buenos AiresCargos que se eligen: 35 Diputados NacionalesAlianza La Libertad Avanza 1. Jose Luis Espert. Economista. Actual diputado nacional e hist\u00f3rico amigo del presidente Milei. 2. Karen Reichardt. Actriz, conductora de TV. 3. Diego Santilli. Actual diputado nacional (PRO), impulsor del acuerdo con LLA.Fuerza Patria 1. Jorge Taiana. Ex canciller durante las presidencias de N\u00e9stor y Cristina Kirchner (2005-2010) 2. Jimena L\u00f3pez. Dirigente del Frente Renovador de Sergio Massa. 3. Juan Grabois. Dirigente social cercano a CFK. L\u00edder de Patria Grande y del Movimiento de Trabajadores Excluidos.Provincias Unidas 1. Florencio Randazzo. Exministro del Interior y Transporte de Cristina Kirchner, rompi\u00f3 con el kirchnerismo en 2015. 2. Margarita Stolbizer. Referente del partido GEN. 3. Emilio Monz\u00f3. Expresidente de la C\u00e1mara de Diputados durante la gesti\u00f3n de Macri. Peronista dialoguista.Ciudad Aut\u00f3noma de Buenos AiresCargos que se eligen: 13 Diputados NacionalesAlianza La Libertad Avanza 1. Alejandro Fargosi. Abogado, ex PRO. Cercano a Bullrich. 2. Patricia Holzman. Directora de la Fundaci\u00f3n Judaica, ex PRO. 3. Nicol\u00e1s Emma. Actual diputado nacional, asumi\u00f3 la banca en lugar del presidente Milei en 2023Fuerza Patria 1. Itai Hagman. Actual diputado y dirigente del Frente Patria Grande de Juan Grabois. 2. Kelly Olmos. Ex ministra de trabajo de Alberto Fern\u00e1ndez. 3. Santiago Roberto. Ex legislador y cercano al sindicalista V\u00edctor Santa Mar\u00eda.Ciudadanos Unidos 1. Mart\u00edn Lousteau. Actual senador nacional, presidente de la UCR. 2. Piera Fern\u00e1ndez. Dirigente estudiantil, ex presidenta de la Federaci\u00f3n Universitaria Argentina. 3. Gustavo Marangoni. Ex presidente del Banco Provincia durante la gobernaci\u00f3n de Daniel Scioli.<\/p>\n","protected":false},"author":6,"featured_media":8999,"comment_status":"open","ping_status":"open","sticky":false,"template":"","format":"standard","meta":{"_themeisle_gutenberg_block_has_review":false,"_joinchat":[],"footnotes":""},"categories":[53],"tags":[],"class_list":["post-9001","post","type-post","status-publish","format-standard","has-post-thumbnail","hentry","category-noticias"],"_links":{"self":[{"href":"https:\/\/hanin.org.ar\/index.php?rest_route=\/wp\/v2\/posts\/9001","targetHints":{"allow":["GET"]}}],"collection":[{"href":"https:\/\/hanin.org.ar\/index.php?rest_route=\/wp\/v2\/posts"}],"about":[{"href":"https:\/\/hanin.org.ar\/index.php?rest_route=\/wp\/v2\/types\/post"}],"author":[{"embeddable":true,"href":"https:\/\/hanin.org.ar\/index.php?rest_route=\/wp\/v2\/users\/6"}],"replies":[{"embeddable":true,"href":"https:\/\/hanin.org.ar\/index.php?rest_route=%2Fwp%2Fv2%2Fcomments&post=9001"}],"version-history":[{"count":1,"href":"https:\/\/hanin.org.ar\/index.php?rest_route=\/wp\/v2\/posts\/9001\/revisions"}],"predecessor-version":[{"id":9002,"href":"https:\/\/hanin.org.ar\/index.php?rest_route=\/wp\/v2\/posts\/9001\/revisions\/9002"}],"wp:featuredmedia":[{"embeddable":true,"href":"https:\/\/hanin.org.ar\/index.php?rest_route=\/wp\/v2\/media\/8999"}],"wp:attachment":[{"href":"https:\/\/hanin.org.ar\/index.php?rest_route=%2Fwp%2Fv2%2Fmedia&parent=9001"}],"wp:term":[{"taxonomy":"category","embeddable":true,"href":"https:\/\/hanin.org.ar\/index.php?rest_route=%2Fwp%2Fv2%2Fcategories&post=9001"},{"taxonomy":"post_tag","embeddable":true,"href":"https:\/\/hanin.org.ar\/index.php?rest_route=%2Fwp%2Fv2%2Ftags&post=9001"}],"curies":[{"name":"wp","href":"https:\/\/api.w.org\/{rel}","templated":true}]}}