{"id":8840,"date":"2025-08-13T08:01:33","date_gmt":"2025-08-13T11:01:33","guid":{"rendered":"https:\/\/hanin.org.ar\/?p=8840"},"modified":"2025-08-13T08:01:34","modified_gmt":"2025-08-13T11:01:34","slug":"noticias-economicas-proyeccion-dolar","status":"publish","type":"post","link":"https:\/\/hanin.org.ar\/?p=8840","title":{"rendered":"[Noticias econ\u00f3micas] Proyecci\u00f3n D\u00f3lar"},"content":{"rendered":"\n<figure class=\"wp-block-image size-full\"><img fetchpriority=\"high\" decoding=\"async\" width=\"299\" height=\"168\" src=\"https:\/\/hanin.org.ar\/wp-content\/uploads\/2025\/08\/images-1.jpg\" alt=\"\" class=\"wp-image-8838\" \/><\/figure>\n\n\n\n<p>Desaf\u00edo para Milei: cu\u00e1l ser\u00e1 el equilibrio del d\u00f3lar y las tasas post elecciones<br>Despu\u00e9s de las elecciones ser\u00e1 clave lograr un equilibrio entre d\u00f3lar y tasas por el que la tasa real de inter\u00e9s pase a un nivel de un d\u00edgito anual.<br>Proyecci\u00f3n D\u00f3lar: a cu\u00e1nto llegar\u00e1 la divisa luego de elecciones, seg\u00fan m\u00e1s de 40 bancos y consultoras<\/p>\n\n\n\n<p>Fuente:El Cronista<br>Mariano Gorodisch<br>Mariano Gorodisch<br>Redactor Finanzas y Mercados<br>Actualizado el 11 de Agosto de 2025<br>15:15<br>ESCUCHAR ESTE ART\u00cdCULO<\/p>\n\n\n\n<p>RESUMEN<br>NOTA COMPLETA<\/p>\n\n\n\n<p>00:00Tiempo transcurrido: 0 segundos<br>00:41Duraci\u00f3n: 41 segundos<br>Leer resumen<br>Lectura: 37 segundos<\/p>\n\n\n\n<p>En esta noticia<br>D\u00f3lar futuro<br>Post elecciones<br>Pese a que el Gobierno neg\u00f3 un cambio de r\u00e9gimen cambiario despu\u00e9s de las elecciones, el mercado a\u00fan especula con un &#8220;empalme&#8221;. &#8220;El desaf\u00edo est\u00e1 en lograr un empalme lo menos traum\u00e1tico posible entre el actual esquema de bandas cambiarias y control de agregados monetarios, hacia un r\u00e9gimen monetario-cambiario de car\u00e1cter permanente. Justamente, para que esa transici\u00f3n sea lo m\u00e1s ordenada posible, los instrumentos de corto plazo deber\u00edan ser congruentes con los objetivos de mediano y largo plazo&#8221;, alert\u00f3 un informe de la Fundaci\u00f3n Mediterr\u00e1nea.<\/p>\n\n\n\n<p>Habr\u00eda un salto de calidad para el horizonte de la macro si, en lugar del slogan de la &#8220;dolarizaci\u00f3n end\u00f3gena&#8221;, se avanzara en forma decidida hacia un r\u00e9gimen bimonetario an\u00e1logo al de Per\u00fa.<\/p>\n\n\n\n<p>Carry trade: c\u00f3mo es el nuevo rulo de la City para ganarle al d\u00f3lar<\/p>\n\n\n\n<p>D\u00f3lar futuro<br>Podr\u00eda hacerlo en un contexto recesivo y con un tipo de cambio suficientemente elevado como para pasar a tener super\u00e1vit de cuenta corriente.<\/p>\n\n\n\n<p>Pero si se aspira a empalmar estabilidad con crecimiento, la palanca apropiada es crear condiciones para una entrada sostenida de capitales de largo plazo, que simult\u00e1neamente alimente las reservas del Banco Central y complemente la tasa de ahorro nacional, en niveles demasiado acotados.<\/p>\n\n\n\n<p>En ese caso, un d\u00e9ficit estabilizado de cuenta corriente en los niveles actuales de 2,0 puntos del PIB ser\u00eda perfectamente consistente con el resto de las variables.<\/p>\n\n\n\n<p>Post elecciones<br>&#8220;Despu\u00e9s de las elecciones ser\u00e1 clave lograr un equilibrio d\u00f3lar\/tasas por el que la tasa real de inter\u00e9s pase a un nivel de un d\u00edgito anual, para lo que se requiere haber minimizado las expectativas de devaluaci\u00f3n y reducido la prima de riesgo pa\u00eds&#8221;, advierte el research.<\/p>\n\n\n\n<p>&#8220;Despu\u00e9s de las elecciones ser\u00e1 clave lograr un equilibrio d\u00f3lar\/tasas por el que la tasa real de inter\u00e9s pase a un nivel de un d\u00edgito anual, para lo que se requiere haber minimizado las expectativas de devaluaci\u00f3n y reducido la prima de riesgo pa\u00eds&#8221;<br>Pero ese objetivo de una tasa de inter\u00e9s que aliente al mismo tiempo el ahorro y la inversi\u00f3n no es s\u00f3lo una cuesti\u00f3n macro: las sobretasas que imponen los impuestos distorsivos, especialmente los de origen provincial y municipal, son un tremendo obst\u00e1culo a la expansi\u00f3n de los pr\u00e9stamos, situaci\u00f3n agravada por el hecho de que en el Congreso corre peligro el r\u00e9gimen de Garant\u00eda Rec\u00edproca, que facilita la toma de cr\u00e9ditos de las pymes.<\/p>\n\n\n\n<p>Temas relacionados<\/p>\n","protected":false},"excerpt":{"rendered":"<p>Desaf\u00edo para Milei: cu\u00e1l ser\u00e1 el equilibrio del d\u00f3lar y las tasas post eleccionesDespu\u00e9s de las elecciones ser\u00e1 clave lograr un equilibrio entre d\u00f3lar y tasas por el que la tasa real de inter\u00e9s pase a un nivel de un d\u00edgito anual.Proyecci\u00f3n D\u00f3lar: a cu\u00e1nto llegar\u00e1 la divisa luego de elecciones, seg\u00fan m\u00e1s de 40 bancos y consultoras Fuente:El CronistaMariano GorodischMariano GorodischRedactor Finanzas y MercadosActualizado el 11 de Agosto de 202515:15ESCUCHAR ESTE ART\u00cdCULO RESUMENNOTA COMPLETA 00:00Tiempo transcurrido: 0 segundos00:41Duraci\u00f3n: 41 segundosLeer resumenLectura: 37 segundos En esta noticiaD\u00f3lar futuroPost eleccionesPese a que el Gobierno neg\u00f3 un cambio de r\u00e9gimen cambiario despu\u00e9s de las elecciones, el mercado a\u00fan especula con un &#8220;empalme&#8221;. &#8220;El desaf\u00edo est\u00e1 en lograr un empalme lo menos traum\u00e1tico posible entre el actual esquema de bandas cambiarias y control de agregados monetarios, hacia un r\u00e9gimen monetario-cambiario de car\u00e1cter permanente. Justamente, para que esa transici\u00f3n sea lo m\u00e1s ordenada posible, los instrumentos de corto plazo deber\u00edan ser congruentes con los objetivos de mediano y largo plazo&#8221;, alert\u00f3 un informe de la Fundaci\u00f3n Mediterr\u00e1nea. Habr\u00eda un salto de calidad para el horizonte de la macro si, en lugar del slogan de la &#8220;dolarizaci\u00f3n end\u00f3gena&#8221;, se avanzara en forma decidida hacia un r\u00e9gimen bimonetario an\u00e1logo al de Per\u00fa. Carry trade: c\u00f3mo es el nuevo rulo de la City para ganarle al d\u00f3lar D\u00f3lar futuroPodr\u00eda hacerlo en un contexto recesivo y con un tipo de cambio suficientemente elevado como para pasar a tener super\u00e1vit de cuenta corriente. Pero si se aspira a empalmar estabilidad con crecimiento, la palanca apropiada es crear condiciones para una entrada sostenida de capitales de largo plazo, que simult\u00e1neamente alimente las reservas del Banco Central y complemente la tasa de ahorro nacional, en niveles demasiado acotados. En ese caso, un d\u00e9ficit estabilizado de cuenta corriente en los niveles actuales de 2,0 puntos del PIB ser\u00eda perfectamente consistente con el resto de las variables. Post elecciones&#8220;Despu\u00e9s de las elecciones ser\u00e1 clave lograr un equilibrio d\u00f3lar\/tasas por el que la tasa real de inter\u00e9s pase a un nivel de un d\u00edgito anual, para lo que se requiere haber minimizado las expectativas de devaluaci\u00f3n y reducido la prima de riesgo pa\u00eds&#8221;, advierte el research. &#8220;Despu\u00e9s de las elecciones ser\u00e1 clave lograr un equilibrio d\u00f3lar\/tasas por el que la tasa real de inter\u00e9s pase a un nivel de un d\u00edgito anual, para lo que se requiere haber minimizado las expectativas de devaluaci\u00f3n y reducido la prima de riesgo pa\u00eds&#8221;Pero ese objetivo de una tasa de inter\u00e9s que aliente al mismo tiempo el ahorro y la inversi\u00f3n no es s\u00f3lo una cuesti\u00f3n macro: las sobretasas que imponen los impuestos distorsivos, especialmente los de origen provincial y municipal, son un tremendo obst\u00e1culo a la expansi\u00f3n de los pr\u00e9stamos, situaci\u00f3n agravada por el hecho de que en el Congreso corre peligro el r\u00e9gimen de Garant\u00eda Rec\u00edproca, que facilita la toma de cr\u00e9ditos de las pymes. Temas relacionados<\/p>\n","protected":false},"author":6,"featured_media":8838,"comment_status":"open","ping_status":"open","sticky":false,"template":"","format":"standard","meta":{"_themeisle_gutenberg_block_has_review":false,"_joinchat":[],"footnotes":""},"categories":[53],"tags":[],"class_list":["post-8840","post","type-post","status-publish","format-standard","has-post-thumbnail","hentry","category-noticias"],"_links":{"self":[{"href":"https:\/\/hanin.org.ar\/index.php?rest_route=\/wp\/v2\/posts\/8840","targetHints":{"allow":["GET"]}}],"collection":[{"href":"https:\/\/hanin.org.ar\/index.php?rest_route=\/wp\/v2\/posts"}],"about":[{"href":"https:\/\/hanin.org.ar\/index.php?rest_route=\/wp\/v2\/types\/post"}],"author":[{"embeddable":true,"href":"https:\/\/hanin.org.ar\/index.php?rest_route=\/wp\/v2\/users\/6"}],"replies":[{"embeddable":true,"href":"https:\/\/hanin.org.ar\/index.php?rest_route=%2Fwp%2Fv2%2Fcomments&post=8840"}],"version-history":[{"count":1,"href":"https:\/\/hanin.org.ar\/index.php?rest_route=\/wp\/v2\/posts\/8840\/revisions"}],"predecessor-version":[{"id":8841,"href":"https:\/\/hanin.org.ar\/index.php?rest_route=\/wp\/v2\/posts\/8840\/revisions\/8841"}],"wp:featuredmedia":[{"embeddable":true,"href":"https:\/\/hanin.org.ar\/index.php?rest_route=\/wp\/v2\/media\/8838"}],"wp:attachment":[{"href":"https:\/\/hanin.org.ar\/index.php?rest_route=%2Fwp%2Fv2%2Fmedia&parent=8840"}],"wp:term":[{"taxonomy":"category","embeddable":true,"href":"https:\/\/hanin.org.ar\/index.php?rest_route=%2Fwp%2Fv2%2Fcategories&post=8840"},{"taxonomy":"post_tag","embeddable":true,"href":"https:\/\/hanin.org.ar\/index.php?rest_route=%2Fwp%2Fv2%2Ftags&post=8840"}],"curies":[{"name":"wp","href":"https:\/\/api.w.org\/{rel}","templated":true}]}}