{"id":8815,"date":"2025-08-09T11:32:57","date_gmt":"2025-08-09T14:32:57","guid":{"rendered":"https:\/\/hanin.org.ar\/?p=8815"},"modified":"2025-08-09T11:32:58","modified_gmt":"2025-08-09T14:32:58","slug":"noticias-economicastasa-de-pobreza-y-actividad-industrial-y-de-la-construccion-en-argentina","status":"publish","type":"post","link":"https:\/\/hanin.org.ar\/?p=8815","title":{"rendered":"[Noticias econ\u00f3micas]Tasa de pobreza y actividad industrial y de la construcci\u00f3n en Argentina"},"content":{"rendered":"\n<figure class=\"wp-block-image size-full\"><img fetchpriority=\"high\" decoding=\"async\" width=\"300\" height=\"168\" src=\"https:\/\/hanin.org.ar\/wp-content\/uploads\/2025\/08\/images.jpg\" alt=\"\" class=\"wp-image-8813\" \/><\/figure>\n\n\n\n<p>Estimados,<br>Pobreza: Baja general, pero a\u00fan muy alta para sectores vulnerables<\/p>\n\n\n\n<p>En el primer trimestre de 2025, la pobreza fue del 30,6%, el nivel m\u00e1s bajo desde 2018.<\/p>\n\n\n\n<p>Esto se debe a la desaceleraci\u00f3n de la inflaci\u00f3n y una recuperaci\u00f3n parcial de ingresos, aunque todav\u00eda est\u00e1n 15% por debajo de 2017.<\/p>\n\n\n\n<p>Comparado con 2017, la pobreza aument\u00f3 significativamente en todos los grupos:<\/p>\n\n\n\n<p>Jubilados: +49,2% (12,9% pobres hoy vs. 8,6% en 2017)<\/p>\n\n\n\n<p>Estudiantes universitarios: +35,7%<\/p>\n\n\n\n<p>Ocupados: +27,6%<\/p>\n\n\n\n<p>Ni\u00f1os y adolescentes: +16,9%<\/p>\n\n\n\n<p>El ingreso disponible sigue deprimido, especialmente en hogares de ingresos bajos, debido al aumento de tarifas, prepagas y otras cargas fijas.<\/p>\n\n\n\n<p>El consumo masivo a\u00fan no se recupera plenamente, y el acceso al cr\u00e9dito se complica con la suba de tasas.<\/p>\n\n\n\n<p>Industria y construcci\u00f3n: se\u00f1ales mixtas<\/p>\n\n\n\n<p>Industria: cay\u00f3 1,2% en junio respecto a mayo, aunque creci\u00f3 9,3% interanual.<\/p>\n\n\n\n<p>Desde marzo muestra tendencia a la baja, con sectores golpeados como metalurgia (-11%) y textiles (-6,6%).<\/p>\n\n\n\n<p>Construcci\u00f3n: creci\u00f3 0,9% en junio y acumula +10,8% en el a\u00f1o, pero con mucha volatilidad mes a mes.<\/p>\n\n\n\n<p>Ambos sectores a\u00fan est\u00e1n por debajo de 2023:<\/p>\n\n\n\n<p>Industria: -10,3%<\/p>\n\n\n\n<p>Construcci\u00f3n: -26,4%<\/p>\n\n\n\n<p>Analistas advierten que la falta de impulso sostenido, freno a la obra p\u00fablica y demanda d\u00e9bil impiden una recuperaci\u00f3n firme.<\/p>\n","protected":false},"excerpt":{"rendered":"<p>Estimados,Pobreza: Baja general, pero a\u00fan muy alta para sectores vulnerables En el primer trimestre de 2025, la pobreza fue del 30,6%, el nivel m\u00e1s bajo desde 2018. Esto se debe a la desaceleraci\u00f3n de la inflaci\u00f3n y una recuperaci\u00f3n parcial de ingresos, aunque todav\u00eda est\u00e1n 15% por debajo de 2017. Comparado con 2017, la pobreza aument\u00f3 significativamente en todos los grupos: Jubilados: +49,2% (12,9% pobres hoy vs. 8,6% en 2017) Estudiantes universitarios: +35,7% Ocupados: +27,6% Ni\u00f1os y adolescentes: +16,9% El ingreso disponible sigue deprimido, especialmente en hogares de ingresos bajos, debido al aumento de tarifas, prepagas y otras cargas fijas. El consumo masivo a\u00fan no se recupera plenamente, y el acceso al cr\u00e9dito se complica con la suba de tasas. Industria y construcci\u00f3n: se\u00f1ales mixtas Industria: cay\u00f3 1,2% en junio respecto a mayo, aunque creci\u00f3 9,3% interanual. Desde marzo muestra tendencia a la baja, con sectores golpeados como metalurgia (-11%) y textiles (-6,6%). Construcci\u00f3n: creci\u00f3 0,9% en junio y acumula +10,8% en el a\u00f1o, pero con mucha volatilidad mes a mes. Ambos sectores a\u00fan est\u00e1n por debajo de 2023: Industria: -10,3% Construcci\u00f3n: -26,4% Analistas advierten que la falta de impulso sostenido, freno a la obra p\u00fablica y demanda d\u00e9bil impiden una recuperaci\u00f3n firme.<\/p>\n","protected":false},"author":6,"featured_media":8813,"comment_status":"open","ping_status":"open","sticky":false,"template":"","format":"standard","meta":{"_themeisle_gutenberg_block_has_review":false,"_joinchat":[],"footnotes":""},"categories":[53],"tags":[],"class_list":["post-8815","post","type-post","status-publish","format-standard","has-post-thumbnail","hentry","category-noticias"],"_links":{"self":[{"href":"https:\/\/hanin.org.ar\/index.php?rest_route=\/wp\/v2\/posts\/8815","targetHints":{"allow":["GET"]}}],"collection":[{"href":"https:\/\/hanin.org.ar\/index.php?rest_route=\/wp\/v2\/posts"}],"about":[{"href":"https:\/\/hanin.org.ar\/index.php?rest_route=\/wp\/v2\/types\/post"}],"author":[{"embeddable":true,"href":"https:\/\/hanin.org.ar\/index.php?rest_route=\/wp\/v2\/users\/6"}],"replies":[{"embeddable":true,"href":"https:\/\/hanin.org.ar\/index.php?rest_route=%2Fwp%2Fv2%2Fcomments&post=8815"}],"version-history":[{"count":1,"href":"https:\/\/hanin.org.ar\/index.php?rest_route=\/wp\/v2\/posts\/8815\/revisions"}],"predecessor-version":[{"id":8816,"href":"https:\/\/hanin.org.ar\/index.php?rest_route=\/wp\/v2\/posts\/8815\/revisions\/8816"}],"wp:featuredmedia":[{"embeddable":true,"href":"https:\/\/hanin.org.ar\/index.php?rest_route=\/wp\/v2\/media\/8813"}],"wp:attachment":[{"href":"https:\/\/hanin.org.ar\/index.php?rest_route=%2Fwp%2Fv2%2Fmedia&parent=8815"}],"wp:term":[{"taxonomy":"category","embeddable":true,"href":"https:\/\/hanin.org.ar\/index.php?rest_route=%2Fwp%2Fv2%2Fcategories&post=8815"},{"taxonomy":"post_tag","embeddable":true,"href":"https:\/\/hanin.org.ar\/index.php?rest_route=%2Fwp%2Fv2%2Ftags&post=8815"}],"curies":[{"name":"wp","href":"https:\/\/api.w.org\/{rel}","templated":true}]}}