{"id":8639,"date":"2025-07-23T10:13:49","date_gmt":"2025-07-23T13:13:49","guid":{"rendered":"https:\/\/hanin.org.ar\/?p=8639"},"modified":"2025-07-23T12:02:34","modified_gmt":"2025-07-23T15:02:34","slug":"noticias-economicas-la-economia-crecio-5-en-mayo-por-debajo-de-lo-esperado","status":"publish","type":"post","link":"https:\/\/hanin.org.ar\/?p=8639","title":{"rendered":"[Noticias econ\u00f3micas] La econom\u00eda creci\u00f3 5% en mayo, por debajo de lo esperado"},"content":{"rendered":"\n<figure class=\"wp-block-image size-full\"><img decoding=\"async\" width=\"229\" height=\"180\" src=\"https:\/\/hanin.org.ar\/wp-content\/uploads\/2025\/07\/OIP-10.webp\" alt=\"\" class=\"wp-image-8637\" \/><\/figure>\n\n\n\n<p>\uc6d0\ubb38\ubcf4\uae30 : <a href=\"https:\/\/www.clarin.com\/economia\/economia-crecio-5-mayo-debajo-esperado_0_a8UtnKV0w6.html?utm_medium=Social&amp;utm_source=Facebook&amp;fbclid=IwQ0xDSwLsIt5leHRuA2FlbQIxMQABHkRNid3jJEyr14E6TKREFCklKgIN1IKnwwuBSlCtbX36GdBzuUy5oD2TLxbJ_aem_w-ZyVFQKj7n8PreIjLFXVw#Echobox=1753127395\">https:\/\/www.clarin.com\/economia\/economia-crecio-5-mayo-debajo-esperado_0_a8UtnKV0w6.html?utm_medium=Social&amp;utm_source=Facebook&amp;fbclid=IwQ0xDSwLsIt5leHRuA2FlbQIxMQABHkRNid3jJEyr14E6TKREFCklKgIN1IKnwwuBSlCtbX36GdBzuUy5oD2TLxbJ_aem_w-ZyVFQKj7n8PreIjLFXVw#Echobox=1753127395<\/a><\/p>\n","protected":false},"excerpt":{"rendered":"<p>\uc6d0\ubb38\ubcf4\uae30 : https:\/\/www.clarin.com\/economia\/economia-crecio-5-mayo-debajo-esperado_0_a8UtnKV0w6.html?utm_medium=Social&amp;utm_source=Facebook&amp;fbclid=IwQ0xDSwLsIt5leHRuA2FlbQIxMQABHkRNid3jJEyr14E6TKREFCklKgIN1IKnwwuBSlCtbX36GdBzuUy5oD2TLxbJ_aem_w-ZyVFQKj7n8PreIjLFXVw#Echobox=1753127395<\/p>\n","protected":false},"author":6,"featured_media":8637,"comment_status":"open","ping_status":"open","sticky":false,"template":"","format":"standard","meta":{"_themeisle_gutenberg_block_has_review":false,"_joinchat":[],"footnotes":""},"categories":[53],"tags":[],"class_list":["post-8639","post","type-post","status-publish","format-standard","has-post-thumbnail","hentry","category-noticias"],"_links":{"self":[{"href":"https:\/\/hanin.org.ar\/index.php?rest_route=\/wp\/v2\/posts\/8639","targetHints":{"allow":["GET"]}}],"collection":[{"href":"https:\/\/hanin.org.ar\/index.php?rest_route=\/wp\/v2\/posts"}],"about":[{"href":"https:\/\/hanin.org.ar\/index.php?rest_route=\/wp\/v2\/types\/post"}],"author":[{"embeddable":true,"href":"https:\/\/hanin.org.ar\/index.php?rest_route=\/wp\/v2\/users\/6"}],"replies":[{"embeddable":true,"href":"https:\/\/hanin.org.ar\/index.php?rest_route=%2Fwp%2Fv2%2Fcomments&post=8639"}],"version-history":[{"count":2,"href":"https:\/\/hanin.org.ar\/index.php?rest_route=\/wp\/v2\/posts\/8639\/revisions"}],"predecessor-version":[{"id":8642,"href":"https:\/\/hanin.org.ar\/index.php?rest_route=\/wp\/v2\/posts\/8639\/revisions\/8642"}],"wp:featuredmedia":[{"embeddable":true,"href":"https:\/\/hanin.org.ar\/index.php?rest_route=\/wp\/v2\/media\/8637"}],"wp:attachment":[{"href":"https:\/\/hanin.org.ar\/index.php?rest_route=%2Fwp%2Fv2%2Fmedia&parent=8639"}],"wp:term":[{"taxonomy":"category","embeddable":true,"href":"https:\/\/hanin.org.ar\/index.php?rest_route=%2Fwp%2Fv2%2Fcategories&post=8639"},{"taxonomy":"post_tag","embeddable":true,"href":"https:\/\/hanin.org.ar\/index.php?rest_route=%2Fwp%2Fv2%2Ftags&post=8639"}],"curies":[{"name":"wp","href":"https:\/\/api.w.org\/{rel}","templated":true}]}}