{"id":8609,"date":"2025-07-21T09:30:15","date_gmt":"2025-07-21T12:30:15","guid":{"rendered":"https:\/\/hanin.org.ar\/?p=8609"},"modified":"2025-07-21T09:32:35","modified_gmt":"2025-07-21T12:32:35","slug":"noticias-economicas-cae-el-mercado-interno-y-la-economia-vuelve-a-entrar-en-recesion-en-el-segundo-trimestre-del-2025","status":"publish","type":"post","link":"https:\/\/hanin.org.ar\/?p=8609","title":{"rendered":"[Noticias econ\u00f3micas] Cae el mercado interno y la econom\u00eda vuelve a entrar en recesi\u00f3n en el segundo trimestre del 2025"},"content":{"rendered":"\n<figure class=\"wp-block-image size-full\"><img decoding=\"async\" width=\"275\" height=\"180\" src=\"https:\/\/hanin.org.ar\/wp-content\/uploads\/2025\/07\/OIP.jpg\" alt=\"\" class=\"wp-image-8607\" \/><\/figure>\n\n\n\n<p>\uc6d0\ubb38\ubcf4\uae30 : <a href=\"https:\/\/share.google\/YdbmbHKLox1cXNhWl\">https:\/\/share.google\/YdbmbHKLox1cXNhWl<\/a><\/p>\n\n\n\n<p><\/p>\n","protected":false},"excerpt":{"rendered":"<p>\uc6d0\ubb38\ubcf4\uae30 : https:\/\/share.google\/YdbmbHKLox1cXNhWl<\/p>\n","protected":false},"author":6,"featured_media":8607,"comment_status":"open","ping_status":"open","sticky":false,"template":"","format":"standard","meta":{"_themeisle_gutenberg_block_has_review":false,"_joinchat":[],"footnotes":""},"categories":[53],"tags":[],"class_list":["post-8609","post","type-post","status-publish","format-standard","has-post-thumbnail","hentry","category-noticias"],"_links":{"self":[{"href":"https:\/\/hanin.org.ar\/index.php?rest_route=\/wp\/v2\/posts\/8609","targetHints":{"allow":["GET"]}}],"collection":[{"href":"https:\/\/hanin.org.ar\/index.php?rest_route=\/wp\/v2\/posts"}],"about":[{"href":"https:\/\/hanin.org.ar\/index.php?rest_route=\/wp\/v2\/types\/post"}],"author":[{"embeddable":true,"href":"https:\/\/hanin.org.ar\/index.php?rest_route=\/wp\/v2\/users\/6"}],"replies":[{"embeddable":true,"href":"https:\/\/hanin.org.ar\/index.php?rest_route=%2Fwp%2Fv2%2Fcomments&post=8609"}],"version-history":[{"count":3,"href":"https:\/\/hanin.org.ar\/index.php?rest_route=\/wp\/v2\/posts\/8609\/revisions"}],"predecessor-version":[{"id":8613,"href":"https:\/\/hanin.org.ar\/index.php?rest_route=\/wp\/v2\/posts\/8609\/revisions\/8613"}],"wp:featuredmedia":[{"embeddable":true,"href":"https:\/\/hanin.org.ar\/index.php?rest_route=\/wp\/v2\/media\/8607"}],"wp:attachment":[{"href":"https:\/\/hanin.org.ar\/index.php?rest_route=%2Fwp%2Fv2%2Fmedia&parent=8609"}],"wp:term":[{"taxonomy":"category","embeddable":true,"href":"https:\/\/hanin.org.ar\/index.php?rest_route=%2Fwp%2Fv2%2Fcategories&post=8609"},{"taxonomy":"post_tag","embeddable":true,"href":"https:\/\/hanin.org.ar\/index.php?rest_route=%2Fwp%2Fv2%2Ftags&post=8609"}],"curies":[{"name":"wp","href":"https:\/\/api.w.org\/{rel}","templated":true}]}}