{"id":8456,"date":"2025-07-07T17:08:19","date_gmt":"2025-07-07T20:08:19","guid":{"rendered":"https:\/\/hanin.org.ar\/?p=8456"},"modified":"2025-07-07T17:08:21","modified_gmt":"2025-07-07T20:08:21","slug":"noticias-politicas-y-economicas-la-recaudacion-impositiva-de-junio-etc","status":"publish","type":"post","link":"https:\/\/hanin.org.ar\/?p=8456","title":{"rendered":"N[oticias pol\u00edticas y econ\u00f3micas] La recaudaci\u00f3n impositiva de junio etc."},"content":{"rendered":"\n<figure class=\"wp-block-image size-full\"><img fetchpriority=\"high\" decoding=\"async\" width=\"300\" height=\"168\" src=\"https:\/\/hanin.org.ar\/wp-content\/uploads\/2025\/07\/download-4.jpg\" alt=\"\" class=\"wp-image-8454\" \/><\/figure>\n\n\n\n<p>La recaudaci\u00f3n impositiva de junio aport\u00f3 un buen n\u00famero. Retom\u00f3 el crecimiento interanual, luego de la particular ca\u00edda que se registr\u00f3 en mayo (en la que influy\u00f3 la alt\u00edsima base de comparaci\u00f3n de 2024). Creci\u00f3 43%, aportando una variaci\u00f3n real de 2,4%. Suma para acercarse al n\u00famero de super\u00e1vit fiscal que necesita conseguir Luis Caputo, pero gracias a algunos anab\u00f3licos. Hay que tener en cuenta que por ser el \u00faltimo mes en el que se aplicaba la rebaja de las retenciones hizo que el agro incrementara sustancialmente sus liquidaciones (el pago se dispar\u00f3 100%). El IVA aument\u00f3 50%, lo que implica una mejora real de 7,6%. Ayud\u00f3 no solo un mayor dinamismo interno sino tambi\u00e9n el mayor flujo de importaciones, que al ser combinadas con una leve suba del tipo de cambio, aportaron m\u00e1s pesos al Tesoro. Otro dato positivo es que los ingresos ligados a la Seguridad Social tuvieron un alza de 57,5%. Aportes y contribuciones exhibieron aumentos reales de 12,9% y 12,3%, dato que refleja el incremento de la masa salarial bruta por encima de la inflaci\u00f3n (hay que tomar en cuenta que este contexto alentador corresponde solo para los asalariados en blanco).<\/p>\n\n\n\n<p>La parte que preocupa de los n\u00fameros de ARCA es que se percibe una desaceleraci\u00f3n en este sendero positivo. En el primer bimestre la recaudaci\u00f3n creci\u00f3 13% real y en el cuatrimestre marzo-junio, solo 5%. Seg\u00fan Empiria, la consultora que conduce el exministro Hern\u00e1n Lacunza, refleja un &#8220;signo de agotamiento en la fuerza de la recuperaci\u00f3n&#8221;. Junio 2024, para completar la foto, fue el punto m\u00e1s bajo de la recesi\u00f3n, lo que equivale a decir que las comparaciones anuales toman como base un mes flojo.<\/p>\n\n\n\n<p>Como demostraci\u00f3n del panorama heterog\u00e9neo que vive la econom\u00eda, un sector que volvi\u00f3 a celebrar en junio fue el automotriz. En junio se patentaron 52.212 veh\u00edculos, lo que significa un crecimiento interanual del 68,9 % (hubo una ca\u00edda del 7,3 % respecto de mayo, porque el mes solo tuvo 17 d\u00edas h\u00e1biles). &#8220;Completamos el mejor primer semestre de los \u00faltimos siete a\u00f1os y nuestro sector es hoy uno de los motores de la recuperaci\u00f3n&#8221;, dijo Sebasti\u00e1n Beato, el presidente de la asociaci\u00f3n que nuclea a los concesionarios. La industria tambi\u00e9n tuvo un buen mes en materia de producci\u00f3n e importaci\u00f3n. Su buen comportamiento, a futuro, depender\u00e1 de que siga fluyendo el cr\u00e9dito y que el d\u00f3lar se mantenga estable.<\/p>\n\n\n\n<p>Como se\u00f1alamos en la introducci\u00f3n, la saga de problemas que enfrent\u00f3 el Gobierno esta semana tiene todav\u00eda instancias de soluci\u00f3n. Los cortes de gas se normalizaron ayer, en parte porque aument\u00f3 la temperatura. Pero lo que marca este hecho es que hay obras de infraestructura que hubieron alejado este episodio, que no llegaron a concretarse por diferencias burocr\u00e1ticas y por la poca convicci\u00f3n que a veces muestra el sector p\u00fablico sobre la velocidad a la que deben ejecutarse estar tareas. El gasoducto Perito Moreno (ex N\u00e9stor Kirchner) hoy acerca el gas de Vaca Muerta y evita la compra de buques de GNL, pero no funciona a pleno porque no se terminaron todas las estaciones de bombeo, necesarias para que m\u00e1s fluido llegue a destino. Licitaciones demoradas, tironeos presupuestarios, prioridades que nunca se cristalizan, todo suma su granito de arena. Y en alg\u00fan punto parecen detalles secundarios. Hasta que una ola polar altera las prioridades y una nueva &#8220;crisis energ\u00e9tica&#8221; vuelve a sacudir el malhumor social. El Ministerio de Econom\u00eda, de quien depende la Secretar\u00eda de Energ\u00eda, deber\u00eda escuchar ahora qu\u00e9 prioridades hay que atender y cubrir a corto plazo para que no pase algo similar con la electricidad en verano.<\/p>\n\n\n\n<p>Antes de la bochornosa sesi\u00f3n de Diputados del mi\u00e9rcoles pasado, el Senado tambi\u00e9n le dio una sorpresa al Ejecutivo, porque la oposici\u00f3n consigui\u00f3 poner en agenda el dictamen necesario para llevar al recinto la ley de financiamiento universitario. Pero eso no termin\u00f3 ah\u00ed: ayer fue m\u00e1s audaz, y sin la participaci\u00f3n del oficialismo, logr\u00f3 que la Comisi\u00f3n de Presupuesto diera dictamen para la moratoria previsional, el aumento del bono a los jubilados y la ley de Emergencia en Discapacidad.<\/p>\n\n\n\n<p>Si estos avances contra la voluntad del Ejecutivo, se le suma la movida que impulsan todos los gobernadores para aprobar una ley que ampl\u00ede el reparto de fondos coparticipables, el problema que enfrentar\u00e1 el Gobierno se volver\u00e1 may\u00fasculo. Siempre tendr\u00e1 a mano el recurso del veto, desde ya. Pero trat\u00e1ndose de temas sensibles en un a\u00f1o electoral, el discurso que le echa la culpa a la casta le quedar\u00e1 corto. Una vez m\u00e1s, se nota el d\u00e9ficit de coordinaci\u00f3n y gesti\u00f3n pol\u00edtica del gobierno libertario. Al parecer, el tri\u00e1ngulo de hierro no tiene la capacidad suficiente para encarar las negociaciones electorales y el d\u00eda a d\u00eda del Ejecutivo, algo que cada vez se nota m\u00e1s.<\/p>\n\n\n\n<p>La novedad m\u00e1s negativa de la semana comparte un rasgo com\u00fan con los temas enunciados anteriormente. El juicio que el fondo Burford Capital lleva adelante contra el Estado argentino es la principal demanda que enfrenta el pa\u00eds en el exterior. Y el procurador del Tesoro, que asumi\u00f3 en enero, se dispens\u00f3 de llevar el caso porque uno de sus exsocios hab\u00eda sido testigo experto de Burford. Santiago Castro Videla tiene rango de ministro y depende del Presidente. O sea que probablemente se reporte con Karina Milei, en el mejor de los casos. Por lo antes mencionado, quien lleva el caso YPF es uno de los subprocuradores, Juan Ignacio Stampalija, hoy protagonista esencial por ser quien tuvo que ocuparse de presentar ante el juzgado de Loretta Prieska el pedido de suspensi\u00f3n de la sentencia. Hay mucha incertidumbre sobre lo que resolver\u00e1 la magistrada, que el lunes dispuso que el Estado entregue el 51% de las acciones de la petrolera estatal como parte de pago de una sentencia de u$s 16.000 millones.<\/p>\n\n\n\n<p>Es tarde para criticar la forma en la que se hizo la expropiaci\u00f3n. Un art\u00edculo en la ley que exima al Estado de cumplir con el estatuto de YPF, que obligaba a presentar una oferta de compra de los accionistas minoritarios, hubiera subsanado este juicio. Pero el reloj corre y la Argentina lo corre de atr\u00e1s. Es real que la sentencia en s\u00ed es impracticable, y que lo que buscan el demandante es cobrar algo de ese monto, aunque sea a plazos y en un bono. El Gobierno tiene que decidir una estrategia y asumir el riesgo que implique avanzar con ella. Puede negociar y concluir este cap\u00edtulo (el temor ah\u00ed es el precedente, aunque no habr\u00eda casos similares donde aplicarlo) o puede plantear que todas las nulidades que crea conveniente. Los actores de Vaca Muerta son los m\u00e1s interesados en ver c\u00f3mo sigue este caso y, en funci\u00f3n de lo que le depare a YPF, sus inversiones.<\/p>\n\n\n\n<p>Hasta el s\u00e1bado que viene<\/p>\n","protected":false},"excerpt":{"rendered":"<p>La recaudaci\u00f3n impositiva de junio aport\u00f3 un buen n\u00famero. Retom\u00f3 el crecimiento interanual, luego de la particular ca\u00edda que se registr\u00f3 en mayo (en la que influy\u00f3 la alt\u00edsima base de comparaci\u00f3n de 2024). Creci\u00f3 43%, aportando una variaci\u00f3n real de 2,4%. Suma para acercarse al n\u00famero de super\u00e1vit fiscal que necesita conseguir Luis Caputo, pero gracias a algunos anab\u00f3licos. Hay que tener en cuenta que por ser el \u00faltimo mes en el que se aplicaba la rebaja de las retenciones hizo que el agro incrementara sustancialmente sus liquidaciones (el pago se dispar\u00f3 100%). El IVA aument\u00f3 50%, lo que implica una mejora real de 7,6%. Ayud\u00f3 no solo un mayor dinamismo interno sino tambi\u00e9n el mayor flujo de importaciones, que al ser combinadas con una leve suba del tipo de cambio, aportaron m\u00e1s pesos al Tesoro. Otro dato positivo es que los ingresos ligados a la Seguridad Social tuvieron un alza de 57,5%. Aportes y contribuciones exhibieron aumentos reales de 12,9% y 12,3%, dato que refleja el incremento de la masa salarial bruta por encima de la inflaci\u00f3n (hay que tomar en cuenta que este contexto alentador corresponde solo para los asalariados en blanco). La parte que preocupa de los n\u00fameros de ARCA es que se percibe una desaceleraci\u00f3n en este sendero positivo. En el primer bimestre la recaudaci\u00f3n creci\u00f3 13% real y en el cuatrimestre marzo-junio, solo 5%. Seg\u00fan Empiria, la consultora que conduce el exministro Hern\u00e1n Lacunza, refleja un &#8220;signo de agotamiento en la fuerza de la recuperaci\u00f3n&#8221;. Junio 2024, para completar la foto, fue el punto m\u00e1s bajo de la recesi\u00f3n, lo que equivale a decir que las comparaciones anuales toman como base un mes flojo. Como demostraci\u00f3n del panorama heterog\u00e9neo que vive la econom\u00eda, un sector que volvi\u00f3 a celebrar en junio fue el automotriz. En junio se patentaron 52.212 veh\u00edculos, lo que significa un crecimiento interanual del 68,9 % (hubo una ca\u00edda del 7,3 % respecto de mayo, porque el mes solo tuvo 17 d\u00edas h\u00e1biles). &#8220;Completamos el mejor primer semestre de los \u00faltimos siete a\u00f1os y nuestro sector es hoy uno de los motores de la recuperaci\u00f3n&#8221;, dijo Sebasti\u00e1n Beato, el presidente de la asociaci\u00f3n que nuclea a los concesionarios. La industria tambi\u00e9n tuvo un buen mes en materia de producci\u00f3n e importaci\u00f3n. Su buen comportamiento, a futuro, depender\u00e1 de que siga fluyendo el cr\u00e9dito y que el d\u00f3lar se mantenga estable. Como se\u00f1alamos en la introducci\u00f3n, la saga de problemas que enfrent\u00f3 el Gobierno esta semana tiene todav\u00eda instancias de soluci\u00f3n. Los cortes de gas se normalizaron ayer, en parte porque aument\u00f3 la temperatura. Pero lo que marca este hecho es que hay obras de infraestructura que hubieron alejado este episodio, que no llegaron a concretarse por diferencias burocr\u00e1ticas y por la poca convicci\u00f3n que a veces muestra el sector p\u00fablico sobre la velocidad a la que deben ejecutarse estar tareas. El gasoducto Perito Moreno (ex N\u00e9stor Kirchner) hoy acerca el gas de Vaca Muerta y evita la compra de buques de GNL, pero no funciona a pleno porque no se terminaron todas las estaciones de bombeo, necesarias para que m\u00e1s fluido llegue a destino. Licitaciones demoradas, tironeos presupuestarios, prioridades que nunca se cristalizan, todo suma su granito de arena. Y en alg\u00fan punto parecen detalles secundarios. Hasta que una ola polar altera las prioridades y una nueva &#8220;crisis energ\u00e9tica&#8221; vuelve a sacudir el malhumor social. El Ministerio de Econom\u00eda, de quien depende la Secretar\u00eda de Energ\u00eda, deber\u00eda escuchar ahora qu\u00e9 prioridades hay que atender y cubrir a corto plazo para que no pase algo similar con la electricidad en verano. Antes de la bochornosa sesi\u00f3n de Diputados del mi\u00e9rcoles pasado, el Senado tambi\u00e9n le dio una sorpresa al Ejecutivo, porque la oposici\u00f3n consigui\u00f3 poner en agenda el dictamen necesario para llevar al recinto la ley de financiamiento universitario. Pero eso no termin\u00f3 ah\u00ed: ayer fue m\u00e1s audaz, y sin la participaci\u00f3n del oficialismo, logr\u00f3 que la Comisi\u00f3n de Presupuesto diera dictamen para la moratoria previsional, el aumento del bono a los jubilados y la ley de Emergencia en Discapacidad. Si estos avances contra la voluntad del Ejecutivo, se le suma la movida que impulsan todos los gobernadores para aprobar una ley que ampl\u00ede el reparto de fondos coparticipables, el problema que enfrentar\u00e1 el Gobierno se volver\u00e1 may\u00fasculo. Siempre tendr\u00e1 a mano el recurso del veto, desde ya. Pero trat\u00e1ndose de temas sensibles en un a\u00f1o electoral, el discurso que le echa la culpa a la casta le quedar\u00e1 corto. Una vez m\u00e1s, se nota el d\u00e9ficit de coordinaci\u00f3n y gesti\u00f3n pol\u00edtica del gobierno libertario. Al parecer, el tri\u00e1ngulo de hierro no tiene la capacidad suficiente para encarar las negociaciones electorales y el d\u00eda a d\u00eda del Ejecutivo, algo que cada vez se nota m\u00e1s. La novedad m\u00e1s negativa de la semana comparte un rasgo com\u00fan con los temas enunciados anteriormente. El juicio que el fondo Burford Capital lleva adelante contra el Estado argentino es la principal demanda que enfrenta el pa\u00eds en el exterior. Y el procurador del Tesoro, que asumi\u00f3 en enero, se dispens\u00f3 de llevar el caso porque uno de sus exsocios hab\u00eda sido testigo experto de Burford. Santiago Castro Videla tiene rango de ministro y depende del Presidente. O sea que probablemente se reporte con Karina Milei, en el mejor de los casos. Por lo antes mencionado, quien lleva el caso YPF es uno de los subprocuradores, Juan Ignacio Stampalija, hoy protagonista esencial por ser quien tuvo que ocuparse de presentar ante el juzgado de Loretta Prieska el pedido de suspensi\u00f3n de la sentencia. Hay mucha incertidumbre sobre lo que resolver\u00e1 la magistrada, que el lunes dispuso que el Estado entregue el 51% de las acciones de la petrolera estatal como parte de pago de una sentencia de u$s 16.000 millones. Es tarde para criticar la forma en la que se hizo la expropiaci\u00f3n. Un art\u00edculo en la ley que exima al Estado de cumplir con el estatuto de YPF, que obligaba a presentar una oferta de<\/p>\n","protected":false},"author":6,"featured_media":8454,"comment_status":"open","ping_status":"open","sticky":false,"template":"","format":"standard","meta":{"_themeisle_gutenberg_block_has_review":false,"_joinchat":[],"footnotes":""},"categories":[53],"tags":[],"class_list":["post-8456","post","type-post","status-publish","format-standard","has-post-thumbnail","hentry","category-noticias"],"_links":{"self":[{"href":"https:\/\/hanin.org.ar\/index.php?rest_route=\/wp\/v2\/posts\/8456","targetHints":{"allow":["GET"]}}],"collection":[{"href":"https:\/\/hanin.org.ar\/index.php?rest_route=\/wp\/v2\/posts"}],"about":[{"href":"https:\/\/hanin.org.ar\/index.php?rest_route=\/wp\/v2\/types\/post"}],"author":[{"embeddable":true,"href":"https:\/\/hanin.org.ar\/index.php?rest_route=\/wp\/v2\/users\/6"}],"replies":[{"embeddable":true,"href":"https:\/\/hanin.org.ar\/index.php?rest_route=%2Fwp%2Fv2%2Fcomments&post=8456"}],"version-history":[{"count":1,"href":"https:\/\/hanin.org.ar\/index.php?rest_route=\/wp\/v2\/posts\/8456\/revisions"}],"predecessor-version":[{"id":8457,"href":"https:\/\/hanin.org.ar\/index.php?rest_route=\/wp\/v2\/posts\/8456\/revisions\/8457"}],"wp:featuredmedia":[{"embeddable":true,"href":"https:\/\/hanin.org.ar\/index.php?rest_route=\/wp\/v2\/media\/8454"}],"wp:attachment":[{"href":"https:\/\/hanin.org.ar\/index.php?rest_route=%2Fwp%2Fv2%2Fmedia&parent=8456"}],"wp:term":[{"taxonomy":"category","embeddable":true,"href":"https:\/\/hanin.org.ar\/index.php?rest_route=%2Fwp%2Fv2%2Fcategories&post=8456"},{"taxonomy":"post_tag","embeddable":true,"href":"https:\/\/hanin.org.ar\/index.php?rest_route=%2Fwp%2Fv2%2Ftags&post=8456"}],"curies":[{"name":"wp","href":"https:\/\/api.w.org\/{rel}","templated":true}]}}