{"id":8445,"date":"2025-07-07T09:33:24","date_gmt":"2025-07-07T12:33:24","guid":{"rendered":"https:\/\/hanin.org.ar\/?p=8445"},"modified":"2025-07-07T09:38:04","modified_gmt":"2025-07-07T12:38:04","slug":"noticias-politicas-hernan-de-goni","status":"publish","type":"post","link":"https:\/\/hanin.org.ar\/?p=8445","title":{"rendered":"[Noticias pol\u00edticas]  Hernan de Go\u00f1i"},"content":{"rendered":"\n<figure class=\"wp-block-image size-full is-resized\"><img decoding=\"async\" width=\"232\" height=\"180\" src=\"https:\/\/hanin.org.ar\/wp-content\/uploads\/2025\/07\/OIP-1.webp\" alt=\"\" class=\"wp-image-8443\" style=\"width:345px;height:auto\" \/><\/figure>\n\n\n\n<p>Hern\u00e1n de Go\u00f1i<br>Director period\u00edstico<br>Hola, soy Hern\u00e1n de Go\u00f1i, director period\u00edstico de El Cronista.<\/p>\n\n\n\n<p>Como todos los s\u00e1bados, procuramos ofrecer a trav\u00e9s de este sem\u00e1foro de la econom\u00eda una mirada m\u00e1s amplia de los acontecimientos de la semana, para que puedan sumar elementos de contexto y jerarquizar mejor su peso informativo.<\/p>\n\n\n\n<p>Como siempre, pueden darme su opini\u00f3n a hdegoni@cronista.com<\/p>\n\n\n\n<p>\u00a1Gracias por su tiempo!<\/p>\n\n\n\n<p>Hay problemas que llegan a las tapas de los diarios por circunstancia ajenas al gobierno de turno, como puede ser el corte de gas en la semana m\u00e1s fr\u00eda de los \u00faltimos 34 a\u00f1os. Pero otros, como la bochornosa pelea del mi\u00e9rcoles en la C\u00e1mara de Diputados o el baldazo de agua fr\u00eda que represent\u00f3 el fallo de la jueza Preska por la expropiaci\u00f3n de YPF, demuestran que a la gesti\u00f3n le falta cierta red de contenci\u00f3n (un sistema de alertas tempranas en el tablero de control, dir\u00edan en el mundo corporativo) que le permita anticipar el surgimiento de estos agujeros negros. Javier Milei tiene en su gabinete ministros que funcionan con relativa autonom\u00eda, como Patricia Bullrich o Federico Sturzenegger (al menos hasta el 8 de julio, fecha en la que vencen las facultades delegadas) y otros que est\u00e1n m\u00e1s atados a la pol\u00edtica o a la disponibilidad de fondos. Los primeros casi caminan solos. Saben qu\u00e9 deben hacer y cu\u00e1ndo pedir permiso. Luis Caputo trabaja codo a codo con el Presidente, sin duda, pero el \u00e9xito de su tarea depende en muchas ocasiones de la coordinaci\u00f3n que deben orquestar los funcionarios pol\u00edticos. Y ac\u00e1 es donde se nota que la estrategia no fluye como deber\u00eda. Es un d\u00e9ficit que llega al escritorio de Milei, que prefiere delegar en su hermana Karina decisiones con las que no siempre concuerdan Santiago Caputo (el otro v\u00e9rtice del tri\u00e1ngulo de hierro) o Guillermo Francos, que debe completar misiones para las que no lo consultan. Aunque parece un enredo que solo notan quienes auscultan la cocina del poder, desde el exterior tambi\u00e9n se percibe que en el camino hay una p\u00e9rdida de energ\u00eda. El Presidente ya no es un outsider sin experiencia. Los argumentos con los que se justificaban los traspi\u00e9s de la Ley Bases no corren m\u00e1s. Dejar que sea la &#8220;casta de turno&#8221; la responsable de los problemas, tampoco. Inversores que ven a la Argentina desde lejos se preguntan si este desorden es parte del relato pol\u00edtico o es una falla del &#8220;sistema Milei&#8221;. Son dilemas que seguramente se despejar\u00e1n en las elecciones de octubre. Hasta entonces, habr\u00e1 que esperar y ver.<\/p>\n","protected":false},"excerpt":{"rendered":"<p>Hern\u00e1n de Go\u00f1iDirector period\u00edsticoHola, soy Hern\u00e1n de Go\u00f1i, director period\u00edstico de El Cronista. Como todos los s\u00e1bados, procuramos ofrecer a trav\u00e9s de este sem\u00e1foro de la econom\u00eda una mirada m\u00e1s amplia de los acontecimientos de la semana, para que puedan sumar elementos de contexto y jerarquizar mejor su peso informativo. Como siempre, pueden darme su opini\u00f3n a hdegoni@cronista.com \u00a1Gracias por su tiempo! Hay problemas que llegan a las tapas de los diarios por circunstancia ajenas al gobierno de turno, como puede ser el corte de gas en la semana m\u00e1s fr\u00eda de los \u00faltimos 34 a\u00f1os. Pero otros, como la bochornosa pelea del mi\u00e9rcoles en la C\u00e1mara de Diputados o el baldazo de agua fr\u00eda que represent\u00f3 el fallo de la jueza Preska por la expropiaci\u00f3n de YPF, demuestran que a la gesti\u00f3n le falta cierta red de contenci\u00f3n (un sistema de alertas tempranas en el tablero de control, dir\u00edan en el mundo corporativo) que le permita anticipar el surgimiento de estos agujeros negros. Javier Milei tiene en su gabinete ministros que funcionan con relativa autonom\u00eda, como Patricia Bullrich o Federico Sturzenegger (al menos hasta el 8 de julio, fecha en la que vencen las facultades delegadas) y otros que est\u00e1n m\u00e1s atados a la pol\u00edtica o a la disponibilidad de fondos. Los primeros casi caminan solos. Saben qu\u00e9 deben hacer y cu\u00e1ndo pedir permiso. Luis Caputo trabaja codo a codo con el Presidente, sin duda, pero el \u00e9xito de su tarea depende en muchas ocasiones de la coordinaci\u00f3n que deben orquestar los funcionarios pol\u00edticos. Y ac\u00e1 es donde se nota que la estrategia no fluye como deber\u00eda. Es un d\u00e9ficit que llega al escritorio de Milei, que prefiere delegar en su hermana Karina decisiones con las que no siempre concuerdan Santiago Caputo (el otro v\u00e9rtice del tri\u00e1ngulo de hierro) o Guillermo Francos, que debe completar misiones para las que no lo consultan. Aunque parece un enredo que solo notan quienes auscultan la cocina del poder, desde el exterior tambi\u00e9n se percibe que en el camino hay una p\u00e9rdida de energ\u00eda. El Presidente ya no es un outsider sin experiencia. Los argumentos con los que se justificaban los traspi\u00e9s de la Ley Bases no corren m\u00e1s. Dejar que sea la &#8220;casta de turno&#8221; la responsable de los problemas, tampoco. Inversores que ven a la Argentina desde lejos se preguntan si este desorden es parte del relato pol\u00edtico o es una falla del &#8220;sistema Milei&#8221;. Son dilemas que seguramente se despejar\u00e1n en las elecciones de octubre. Hasta entonces, habr\u00e1 que esperar y ver.<\/p>\n","protected":false},"author":6,"featured_media":8443,"comment_status":"open","ping_status":"open","sticky":false,"template":"","format":"standard","meta":{"_themeisle_gutenberg_block_has_review":false,"_joinchat":[],"footnotes":""},"categories":[53],"tags":[],"class_list":["post-8445","post","type-post","status-publish","format-standard","has-post-thumbnail","hentry","category-noticias"],"_links":{"self":[{"href":"https:\/\/hanin.org.ar\/index.php?rest_route=\/wp\/v2\/posts\/8445","targetHints":{"allow":["GET"]}}],"collection":[{"href":"https:\/\/hanin.org.ar\/index.php?rest_route=\/wp\/v2\/posts"}],"about":[{"href":"https:\/\/hanin.org.ar\/index.php?rest_route=\/wp\/v2\/types\/post"}],"author":[{"embeddable":true,"href":"https:\/\/hanin.org.ar\/index.php?rest_route=\/wp\/v2\/users\/6"}],"replies":[{"embeddable":true,"href":"https:\/\/hanin.org.ar\/index.php?rest_route=%2Fwp%2Fv2%2Fcomments&post=8445"}],"version-history":[{"count":1,"href":"https:\/\/hanin.org.ar\/index.php?rest_route=\/wp\/v2\/posts\/8445\/revisions"}],"predecessor-version":[{"id":8446,"href":"https:\/\/hanin.org.ar\/index.php?rest_route=\/wp\/v2\/posts\/8445\/revisions\/8446"}],"wp:featuredmedia":[{"embeddable":true,"href":"https:\/\/hanin.org.ar\/index.php?rest_route=\/wp\/v2\/media\/8443"}],"wp:attachment":[{"href":"https:\/\/hanin.org.ar\/index.php?rest_route=%2Fwp%2Fv2%2Fmedia&parent=8445"}],"wp:term":[{"taxonomy":"category","embeddable":true,"href":"https:\/\/hanin.org.ar\/index.php?rest_route=%2Fwp%2Fv2%2Fcategories&post=8445"},{"taxonomy":"post_tag","embeddable":true,"href":"https:\/\/hanin.org.ar\/index.php?rest_route=%2Fwp%2Fv2%2Ftags&post=8445"}],"curies":[{"name":"wp","href":"https:\/\/api.w.org\/{rel}","templated":true}]}}