{"id":8424,"date":"2025-07-05T18:43:06","date_gmt":"2025-07-05T21:43:06","guid":{"rendered":"https:\/\/hanin.org.ar\/?p=8424"},"modified":"2025-07-05T18:43:07","modified_gmt":"2025-07-05T21:43:07","slug":"noticias-politicas-y-economicas-informe-de-fundacion-mediterranea-sobre-el-pleno-politico-y-economico","status":"publish","type":"post","link":"https:\/\/hanin.org.ar\/?p=8424","title":{"rendered":"[Noticias pol\u00edticas y econ\u00f3micas]  Informe de fundaci\u00f3n mediterr\u00e1nea sobre el pleno pol\u00edtico y econ\u00f3mico"},"content":{"rendered":"\n<figure class=\"wp-block-image size-full\"><img fetchpriority=\"high\" decoding=\"async\" width=\"306\" height=\"165\" src=\"https:\/\/hanin.org.ar\/wp-content\/uploads\/2025\/07\/download-3.jpg\" alt=\"\" class=\"wp-image-8422\" srcset=\"https:\/\/hanin.org.ar\/wp-content\/uploads\/2025\/07\/download-3.jpg 306w, https:\/\/hanin.org.ar\/wp-content\/uploads\/2025\/07\/download-3-300x162.jpg 300w\" sizes=\"(max-width: 306px) 100vw, 306px\" \/><\/figure>\n\n\n\n<p>Estimados,<\/p>\n\n\n\n<p>Le dejamos lo m\u00e1s relevante de lo ocurrido esta semana en el plano pol\u00edtico y econ\u00f3mico.<\/p>\n\n\n\n<p>Informe de Fundaci\u00f3n Mediterr\u00e1nea (Ieral) sobre la econom\u00eda argentina (julio 2025)<br>La Fundaci\u00f3n Mediterr\u00e1nea se\u00f1ala que la econom\u00eda argentina est\u00e1 en pausa por la incertidumbre previa a las elecciones de septiembre y octubre. Aunque se prev\u00e9 un triunfo oficialista, preocupa la falta de definici\u00f3n sobre el rumbo econ\u00f3mico posterior. El think tank urge al Gobierno a avanzar ya con reformas estructurales (laboral, impositiva, previsional y levantamiento del cepo), ya que postergarlas ser\u00eda riesgoso.<\/p>\n\n\n\n<p>Destacan avances como la baja de inflaci\u00f3n, menor brecha cambiaria, super\u00e1vit fiscal y crecimiento en el primer trimestre. Sin embargo, alertan sobre:<\/p>\n\n\n\n<p>Riesgo pa\u00eds elevado, que podr\u00eda bajar si se define un rumbo econ\u00f3mico claro.<\/p>\n\n\n\n<p>D\u00e9ficit externo: si se anualiza el del primer trimestre, alcanzar\u00eda 3% del PBI, aunque podr\u00eda bajar a 2% con menor gasto.<\/p>\n\n\n\n<p>Problemas estructurales: estancamiento de la productividad (15% por debajo del nivel de 2011) y capacidad industrial sin superar el 60%.<\/p>\n\n\n\n<p>Tambi\u00e9n advierten que sin reformas, cualquier plan de estabilizaci\u00f3n tendr\u00e1 un l\u00edmite.<\/p>\n\n\n\n<p>Suba del d\u00f3lar al 4 de julio de 2025<\/p>\n\n\n\n<p>El d\u00f3lar oficial en el Banco Naci\u00f3n subi\u00f3 a $1.260, marcando su nivel m\u00e1s alto desde la salida del cepo en abril. En la semana acumul\u00f3 una suba de $55 (4,6%). El d\u00f3lar mayorista cerr\u00f3 en $1.240 (+0,7%). En cambio, el d\u00f3lar informal baj\u00f3 a $1.230.<\/p>\n\n\n\n<p>Tensi\u00f3n por el acuerdo PRO\u2013LLA en Buenos Aires (julio 2025)<\/p>\n\n\n\n<p>A pocos d\u00edas del cierre de alianzas para las elecciones bonaerenses, el PRO autoriz\u00f3 a Cristian Ritondo a avanzar en la conformaci\u00f3n de un frente opositor a Axel Kicillof. Aunque a\u00fan no se cerr\u00f3 formalmente un pacto con La Libertad Avanza (LLA), la negociaci\u00f3n est\u00e1 encaminada y el l\u00edmite acordado es no aliarse con el kirchnerismo.<\/p>\n\n\n\n<p>Puntos clave:<\/p>\n\n\n\n<p>Acuerdo parcial: PRO avala la formaci\u00f3n de un frente opositor, pero no defini\u00f3 con qu\u00e9 partidos. Ritondo negocia con LLA, que impone mantener nombre, logo y liderazgo en boletas.<\/p>\n\n\n\n<p>Tensi\u00f3n interna: Algunos intendentes del PRO, sobre todo los cercanos a Jorge Macri, rechazan ceder espacios claves. Se discute el armado de listas locales y legislativas.<\/p>\n\n\n\n<p>Municipios en juego: En lugares clave como Vicente L\u00f3pez, Jun\u00edn y Mar del Plata, los macristas eval\u00faan competir con sellos propios si no se logra un acuerdo favorable.<\/p>\n\n\n\n<p>Objetivo com\u00fan: Derrotar al peronismo en la provincia y frenar la hegemon\u00eda de Kicillof, con vistas a un nuevo equilibrio pol\u00edtico en 2025.<\/p>\n\n\n\n<p>Ante cualquier consulta, estamos a su disposici\u00f3n.<\/p>\n","protected":false},"excerpt":{"rendered":"<p>Estimados, Le dejamos lo m\u00e1s relevante de lo ocurrido esta semana en el plano pol\u00edtico y econ\u00f3mico. Informe de Fundaci\u00f3n Mediterr\u00e1nea (Ieral) sobre la econom\u00eda argentina (julio 2025)La Fundaci\u00f3n Mediterr\u00e1nea se\u00f1ala que la econom\u00eda argentina est\u00e1 en pausa por la incertidumbre previa a las elecciones de septiembre y octubre. Aunque se prev\u00e9 un triunfo oficialista, preocupa la falta de definici\u00f3n sobre el rumbo econ\u00f3mico posterior. El think tank urge al Gobierno a avanzar ya con reformas estructurales (laboral, impositiva, previsional y levantamiento del cepo), ya que postergarlas ser\u00eda riesgoso. Destacan avances como la baja de inflaci\u00f3n, menor brecha cambiaria, super\u00e1vit fiscal y crecimiento en el primer trimestre. Sin embargo, alertan sobre: Riesgo pa\u00eds elevado, que podr\u00eda bajar si se define un rumbo econ\u00f3mico claro. D\u00e9ficit externo: si se anualiza el del primer trimestre, alcanzar\u00eda 3% del PBI, aunque podr\u00eda bajar a 2% con menor gasto. Problemas estructurales: estancamiento de la productividad (15% por debajo del nivel de 2011) y capacidad industrial sin superar el 60%. Tambi\u00e9n advierten que sin reformas, cualquier plan de estabilizaci\u00f3n tendr\u00e1 un l\u00edmite. Suba del d\u00f3lar al 4 de julio de 2025 El d\u00f3lar oficial en el Banco Naci\u00f3n subi\u00f3 a $1.260, marcando su nivel m\u00e1s alto desde la salida del cepo en abril. En la semana acumul\u00f3 una suba de $55 (4,6%). El d\u00f3lar mayorista cerr\u00f3 en $1.240 (+0,7%). En cambio, el d\u00f3lar informal baj\u00f3 a $1.230. Tensi\u00f3n por el acuerdo PRO\u2013LLA en Buenos Aires (julio 2025) A pocos d\u00edas del cierre de alianzas para las elecciones bonaerenses, el PRO autoriz\u00f3 a Cristian Ritondo a avanzar en la conformaci\u00f3n de un frente opositor a Axel Kicillof. Aunque a\u00fan no se cerr\u00f3 formalmente un pacto con La Libertad Avanza (LLA), la negociaci\u00f3n est\u00e1 encaminada y el l\u00edmite acordado es no aliarse con el kirchnerismo. Puntos clave: Acuerdo parcial: PRO avala la formaci\u00f3n de un frente opositor, pero no defini\u00f3 con qu\u00e9 partidos. Ritondo negocia con LLA, que impone mantener nombre, logo y liderazgo en boletas. Tensi\u00f3n interna: Algunos intendentes del PRO, sobre todo los cercanos a Jorge Macri, rechazan ceder espacios claves. Se discute el armado de listas locales y legislativas. Municipios en juego: En lugares clave como Vicente L\u00f3pez, Jun\u00edn y Mar del Plata, los macristas eval\u00faan competir con sellos propios si no se logra un acuerdo favorable. Objetivo com\u00fan: Derrotar al peronismo en la provincia y frenar la hegemon\u00eda de Kicillof, con vistas a un nuevo equilibrio pol\u00edtico en 2025. Ante cualquier consulta, estamos a su disposici\u00f3n.<\/p>\n","protected":false},"author":6,"featured_media":8422,"comment_status":"open","ping_status":"open","sticky":false,"template":"","format":"standard","meta":{"_themeisle_gutenberg_block_has_review":false,"_joinchat":[],"footnotes":""},"categories":[53],"tags":[],"class_list":["post-8424","post","type-post","status-publish","format-standard","has-post-thumbnail","hentry","category-noticias"],"_links":{"self":[{"href":"https:\/\/hanin.org.ar\/index.php?rest_route=\/wp\/v2\/posts\/8424","targetHints":{"allow":["GET"]}}],"collection":[{"href":"https:\/\/hanin.org.ar\/index.php?rest_route=\/wp\/v2\/posts"}],"about":[{"href":"https:\/\/hanin.org.ar\/index.php?rest_route=\/wp\/v2\/types\/post"}],"author":[{"embeddable":true,"href":"https:\/\/hanin.org.ar\/index.php?rest_route=\/wp\/v2\/users\/6"}],"replies":[{"embeddable":true,"href":"https:\/\/hanin.org.ar\/index.php?rest_route=%2Fwp%2Fv2%2Fcomments&post=8424"}],"version-history":[{"count":1,"href":"https:\/\/hanin.org.ar\/index.php?rest_route=\/wp\/v2\/posts\/8424\/revisions"}],"predecessor-version":[{"id":8425,"href":"https:\/\/hanin.org.ar\/index.php?rest_route=\/wp\/v2\/posts\/8424\/revisions\/8425"}],"wp:featuredmedia":[{"embeddable":true,"href":"https:\/\/hanin.org.ar\/index.php?rest_route=\/wp\/v2\/media\/8422"}],"wp:attachment":[{"href":"https:\/\/hanin.org.ar\/index.php?rest_route=%2Fwp%2Fv2%2Fmedia&parent=8424"}],"wp:term":[{"taxonomy":"category","embeddable":true,"href":"https:\/\/hanin.org.ar\/index.php?rest_route=%2Fwp%2Fv2%2Fcategories&post=8424"},{"taxonomy":"post_tag","embeddable":true,"href":"https:\/\/hanin.org.ar\/index.php?rest_route=%2Fwp%2Fv2%2Ftags&post=8424"}],"curies":[{"name":"wp","href":"https:\/\/api.w.org\/{rel}","templated":true}]}}