{"id":8414,"date":"2025-07-04T09:17:32","date_gmt":"2025-07-04T12:17:32","guid":{"rendered":"https:\/\/hanin.org.ar\/?p=8414"},"modified":"2025-07-04T09:18:56","modified_gmt":"2025-07-04T12:18:56","slug":"noticias-politicas-y-economicas-la-cumbre-de-mercosur","status":"publish","type":"post","link":"https:\/\/hanin.org.ar\/?p=8414","title":{"rendered":"[Noticias pol\u00edticas y econ\u00f3micas] La cumbre de Mercosur"},"content":{"rendered":"\n<figure class=\"wp-block-image size-full\"><img fetchpriority=\"high\" decoding=\"async\" width=\"314\" height=\"180\" src=\"https:\/\/hanin.org.ar\/wp-content\/uploads\/2025\/07\/OIP.webp\" alt=\"\" class=\"wp-image-8412\" srcset=\"https:\/\/hanin.org.ar\/wp-content\/uploads\/2025\/07\/OIP.webp 314w, https:\/\/hanin.org.ar\/wp-content\/uploads\/2025\/07\/OIP-300x172.webp 300w\" sizes=\"(max-width: 314px) 100vw, 314px\" \/><\/figure>\n\n\n\n<p>Estimados,<br>La Cumbre del Mercosur que se desarrolla en Buenos Aires se vio marcada por un clima de fuerte pragmatismo econ\u00f3mico, pese a las tensiones pol\u00edticas entre los presidentes Javier Milei y Luiz In\u00e1cio Lula da Silva. A pesar de las diferencias ideol\u00f3gicas y los cruces p\u00fablicos entre ambos mandatarios, los equipos t\u00e9cnicos de Argentina y Brasil lograron avances en el plano comercial.<\/p>\n\n\n\n<p>Uno de los gestos m\u00e1s destacados fue la reuni\u00f3n entre los ministros de Econom\u00eda, Luis Caputo (Argentina) y Fernando Haddad (Brasil), donde se enfatiz\u00f3 la necesidad de fortalecer el v\u00ednculo bilateral y facilitar nuevas inversiones y comercio, especialmente en el sector energ\u00e9tico. Se firm\u00f3 adem\u00e1s un Memor\u00e1ndum de Entendimiento con Paraguay para avanzar en la integraci\u00f3n gas\u00edfera regional, explorando la exportaci\u00f3n de gas desde Vaca Muerta hacia Paraguay y Brasil mediante el Corredor Bioce\u00e1nico.<\/p>\n\n\n\n<p>En paralelo, se anunci\u00f3 la conclusi\u00f3n de las negociaciones del Tratado de Libre Comercio entre el Mercosur y la EFTA, bloque europeo integrado por Islandia, Liechtenstein, Noruega y Suiza. Este acuerdo, que abarca un mercado de casi 300 millones de personas y un PBI combinado de 4,3 billones de d\u00f3lares, busca mejorar el acceso de exportaciones sudamericanas y diversificar los destinos comerciales.<\/p>\n\n\n\n<p>El gobierno de Milei present\u00f3 este avance como un logro clave de su gesti\u00f3n diplom\u00e1tica, en sinton\u00eda con su agenda de flexibilizaci\u00f3n comercial dentro del bloque. Tambi\u00e9n impulsa la inclusi\u00f3n de 50 nuevos c\u00f3digos arancelarios en la Lista Nacional de Excepciones, buscando mayor autonom\u00eda para que cada pa\u00eds pueda negociar acuerdos individuales.<\/p>\n\n\n\n<p>Respecto al Tratado de Libre Comercio con la Uni\u00f3n Europea, las negociaciones contin\u00faan, pero existen trabas pol\u00edticas, principalmente por la resistencia del sector agr\u00edcola franc\u00e9s. Lula Da Silva, quien asumir\u00e1 la presidencia pro tempore del Mercosur tras Milei, ser\u00e1 el encargado de retomar estas conversaciones. Desde ambos bloques se espera que el acuerdo pueda firmarse antes de fin de 2025.<\/p>\n\n\n\n<p>La cumbre tambi\u00e9n se vio atravesada por cuestiones pol\u00edticas internas, como la posible visita de Lula a Cristina Fern\u00e1ndez de Kirchner, quien cumple prisi\u00f3n domiciliaria, generando expectativas y controversia.<\/p>\n\n\n\n<p>Durante su mandato al frente del Mercosur, Milei prioriz\u00f3 una agenda econ\u00f3mica y comercial, relegando temas como la agenda ambiental, que se espera cobre mayor relevancia durante la presidencia de Lula.<\/p>\n","protected":false},"excerpt":{"rendered":"<p>Estimados,La Cumbre del Mercosur que se desarrolla en Buenos Aires se vio marcada por un clima de fuerte pragmatismo econ\u00f3mico, pese a las tensiones pol\u00edticas entre los presidentes Javier Milei y Luiz In\u00e1cio Lula da Silva. A pesar de las diferencias ideol\u00f3gicas y los cruces p\u00fablicos entre ambos mandatarios, los equipos t\u00e9cnicos de Argentina y Brasil lograron avances en el plano comercial. Uno de los gestos m\u00e1s destacados fue la reuni\u00f3n entre los ministros de Econom\u00eda, Luis Caputo (Argentina) y Fernando Haddad (Brasil), donde se enfatiz\u00f3 la necesidad de fortalecer el v\u00ednculo bilateral y facilitar nuevas inversiones y comercio, especialmente en el sector energ\u00e9tico. Se firm\u00f3 adem\u00e1s un Memor\u00e1ndum de Entendimiento con Paraguay para avanzar en la integraci\u00f3n gas\u00edfera regional, explorando la exportaci\u00f3n de gas desde Vaca Muerta hacia Paraguay y Brasil mediante el Corredor Bioce\u00e1nico. En paralelo, se anunci\u00f3 la conclusi\u00f3n de las negociaciones del Tratado de Libre Comercio entre el Mercosur y la EFTA, bloque europeo integrado por Islandia, Liechtenstein, Noruega y Suiza. Este acuerdo, que abarca un mercado de casi 300 millones de personas y un PBI combinado de 4,3 billones de d\u00f3lares, busca mejorar el acceso de exportaciones sudamericanas y diversificar los destinos comerciales. El gobierno de Milei present\u00f3 este avance como un logro clave de su gesti\u00f3n diplom\u00e1tica, en sinton\u00eda con su agenda de flexibilizaci\u00f3n comercial dentro del bloque. Tambi\u00e9n impulsa la inclusi\u00f3n de 50 nuevos c\u00f3digos arancelarios en la Lista Nacional de Excepciones, buscando mayor autonom\u00eda para que cada pa\u00eds pueda negociar acuerdos individuales. Respecto al Tratado de Libre Comercio con la Uni\u00f3n Europea, las negociaciones contin\u00faan, pero existen trabas pol\u00edticas, principalmente por la resistencia del sector agr\u00edcola franc\u00e9s. Lula Da Silva, quien asumir\u00e1 la presidencia pro tempore del Mercosur tras Milei, ser\u00e1 el encargado de retomar estas conversaciones. Desde ambos bloques se espera que el acuerdo pueda firmarse antes de fin de 2025. La cumbre tambi\u00e9n se vio atravesada por cuestiones pol\u00edticas internas, como la posible visita de Lula a Cristina Fern\u00e1ndez de Kirchner, quien cumple prisi\u00f3n domiciliaria, generando expectativas y controversia. Durante su mandato al frente del Mercosur, Milei prioriz\u00f3 una agenda econ\u00f3mica y comercial, relegando temas como la agenda ambiental, que se espera cobre mayor relevancia durante la presidencia de Lula.<\/p>\n","protected":false},"author":6,"featured_media":8412,"comment_status":"open","ping_status":"open","sticky":false,"template":"","format":"standard","meta":{"_themeisle_gutenberg_block_has_review":false,"_joinchat":[],"footnotes":""},"categories":[53],"tags":[],"class_list":["post-8414","post","type-post","status-publish","format-standard","has-post-thumbnail","hentry","category-noticias"],"_links":{"self":[{"href":"https:\/\/hanin.org.ar\/index.php?rest_route=\/wp\/v2\/posts\/8414","targetHints":{"allow":["GET"]}}],"collection":[{"href":"https:\/\/hanin.org.ar\/index.php?rest_route=\/wp\/v2\/posts"}],"about":[{"href":"https:\/\/hanin.org.ar\/index.php?rest_route=\/wp\/v2\/types\/post"}],"author":[{"embeddable":true,"href":"https:\/\/hanin.org.ar\/index.php?rest_route=\/wp\/v2\/users\/6"}],"replies":[{"embeddable":true,"href":"https:\/\/hanin.org.ar\/index.php?rest_route=%2Fwp%2Fv2%2Fcomments&post=8414"}],"version-history":[{"count":1,"href":"https:\/\/hanin.org.ar\/index.php?rest_route=\/wp\/v2\/posts\/8414\/revisions"}],"predecessor-version":[{"id":8415,"href":"https:\/\/hanin.org.ar\/index.php?rest_route=\/wp\/v2\/posts\/8414\/revisions\/8415"}],"wp:featuredmedia":[{"embeddable":true,"href":"https:\/\/hanin.org.ar\/index.php?rest_route=\/wp\/v2\/media\/8412"}],"wp:attachment":[{"href":"https:\/\/hanin.org.ar\/index.php?rest_route=%2Fwp%2Fv2%2Fmedia&parent=8414"}],"wp:term":[{"taxonomy":"category","embeddable":true,"href":"https:\/\/hanin.org.ar\/index.php?rest_route=%2Fwp%2Fv2%2Fcategories&post=8414"},{"taxonomy":"post_tag","embeddable":true,"href":"https:\/\/hanin.org.ar\/index.php?rest_route=%2Fwp%2Fv2%2Ftags&post=8414"}],"curies":[{"name":"wp","href":"https:\/\/api.w.org\/{rel}","templated":true}]}}